{"id":18800,"date":"2019-12-03T08:46:33","date_gmt":"2019-12-03T11:46:33","guid":{"rendered":"http:\/\/www.mamaeclory.org.br\/?p=18800"},"modified":"2020-05-14T15:53:38","modified_gmt":"2020-05-14T18:53:38","slug":"trabalho-assistencial-com-as-criancas-do-lar-da-mamae-clory","status":"publish","type":"post","link":"https:\/\/www.mamaeclory.org.br\/blog\/trabalho-assistencial-com-as-criancas-do-lar-da-mamae-clory\/","title":{"rendered":"Como \u00e9 feito o trabalho assistencial com as crian\u00e7as do Lar da Mam\u00e3e Clory?"},"content":{"rendered":"\n<p>Quem resiste ao sorriso sincero de uma crian\u00e7a? Aposto que voc\u00ea j\u00e1 se sentiu at\u00e9 mais leve s\u00f3 de imaginar. E a leveza e alegria est\u00e3o aliadas \u00e0s oficinas e conceitos sociais que o <strong>trabalho assistencial<\/strong> com as crian\u00e7as realiza aqui no Lar da Mam\u00e3e Clory, atrav\u00e9s da arte-educa\u00e7\u00e3o.<\/p>\n\n\n\n<p>Crian\u00e7a \u00e9 pura energia criativa! Como mant\u00ea-las todas quietas e compenetradas numa sala enquanto o sol est\u00e1 radiante l\u00e1 fora? At\u00e9 n\u00f3s queremos largar o computador e dar uma esticada nas pernas a cada 30 minutos.<\/p>\n\n\n\n<p>Est\u00e1 certo, h\u00e1 momentos em que \u00e9 preciso se concentrar e tentar ignorar o lindo c\u00e9u azul l\u00e1 fora. Mas a gente sabe que crian\u00e7a quer brincar. E que com elas o papo sobre entrega de projetos e o compromisso com metas \u00e9 um tanto descabido ainda.<\/p>\n\n\n\n<p>Sem contar que a inf\u00e2ncia passa t\u00e3o r\u00e1pido&#8230; Assim, n\u00e3o podemos ignorar que o brincar \u00e9 uma parte essencial do dia a dia dos pequenos. Movimentar o corpo, estimular a curiosidade, ativar a sociabilidade e muito mais, atrav\u00e9s dos recursos da arte-educa\u00e7\u00e3o, s\u00e3o atividades fundamentais para o bom desenvolvimento do nosso <strong>trabalho assistencial<\/strong>.<\/p>\n\n\n\n<figure class=\"wp-block-image size-large\"><a href=\"http:\/\/mamaeclory.rds.land\/news\" target=\"_blank\" rel=\"noopener noreferrer\"><img loading=\"lazy\" decoding=\"async\" width=\"1024\" height=\"106\" src=\"http:\/\/www.mamaeclory.org.br\/blog\/wp-content\/uploads\/2020\/03\/01_CTA-1024x106.png\" alt=\"\" class=\"wp-image-18817\" srcset=\"http:\/\/www.mamaeclory.org.br\/blog\/wp-content\/uploads\/2020\/03\/01_CTA-980x101.png 980w, http:\/\/www.mamaeclory.org.br\/blog\/wp-content\/uploads\/2020\/03\/01_CTA-480x50.png 480w\" sizes=\"auto, (min-width: 0px) and (max-width: 480px) 480px, (min-width: 481px) and (max-width: 980px) 980px, (min-width: 981px) 1024px, 100vw\" \/><\/a><\/figure>\n\n\n\n<h2 class=\"wp-block-heading\">O que \u00e9 um trabalho assistencial?<\/h2>\n\n\n\n<p>Todo servi\u00e7o prestado na inten\u00e7\u00e3o pura e simples de promover o bem-estar social \u00e9 um <strong>trabalho assistencial<\/strong>. Isso quer dizer que pode ser realizado por qualquer organiza\u00e7\u00e3o sem fins lucrativos, ou por qualquer pessoa que tenha a inten\u00e7\u00e3o de ajudar o pr\u00f3ximo.<\/p>\n\n\n\n<p>Trabalho esse que pode auxiliar um grupo de pessoas ou apenas um indiv\u00edduo por vez, em prol de melhorar a sua necessidade atual. Por exemplo, um grupo de pessoas que servem refei\u00e7\u00f5es a moradores em situa\u00e7\u00e3o de rua. Ou um grupo de volunt\u00e1rios que v\u00e3o a asilos interagir com os idosos.<\/p>\n\n\n\n<p>J\u00e1 o servi\u00e7o social, embora tenha a mesma raiz no bem-estar individual e coletivo, frequentemente \u00e9 realizado pelo profissional da \u00e1rea. Pois existe forma\u00e7\u00e3o espec\u00edfica, como uma gradua\u00e7\u00e3o e especializa\u00e7\u00f5es para quem quer atuar no Servi\u00e7o Social. E a essas pessoas chamamos de Assistentes Sociais.<\/p>\n\n\n\n<p>\u00c9 bacana dizer que o <strong>trabalho assistencial<\/strong> feito pelo Lar da Mam\u00e3e Clory \u00e9 realizado por volunt\u00e1rios e profissionais da \u00e1rea, em especial educadores. Todas as atividades s\u00e3o realizadas com base nas mais eficientes bases pedag\u00f3gicas e recebem acompanhamento e consultoria de profissionais.<\/p>\n\n\n\n<p>Leia mais:&nbsp;<a href=\"http:\/\/www.mamaeclory.org.br\/ensino-ludico-qual-importancia-no-processo-de-aprendizagem\/\" target=\"_blank\" rel=\"noopener noreferrer\">Ensino L\u00fadico: Qual a Import\u00e2ncia no Processo de Aprendizagem?<\/a><\/p>\n\n\n\n<h2 class=\"wp-block-heading\">O trabalho assistencial junto \u00e0s crian\u00e7as<\/h2>\n\n\n\n<p>Aqui no Lar da Mam\u00e3e Clory, prestamos atendimento a todas as faixas et\u00e1rias. Desde a mam\u00e3e e o beb\u00ea que ainda est\u00e1 no \u00fatero.<\/p>\n\n\n\n<p>Por\u00e9m, \u00e9 no <strong>trabalho assistencial<\/strong> junto \u00e0s crian\u00e7as no contraturno de aula que percebemos o colorido do nosso papel. As atividades s\u00e3o divididas em aulas de educa\u00e7\u00e3o e oficinas, as quais s\u00e3o oferecidas:<\/p>\n\n\n\n<ul class=\"wp-block-list\"><li>Musicaliza\u00e7\u00e3o;<\/li><li>Idiomas;<\/li><li>Capoeira;<\/li><li>Educa\u00e7\u00e3o f\u00edsica;<\/li><li>Corpo e movimento;<\/li><li>Artesanato;<\/li><li>Ludicidade e comunica\u00e7\u00e3o.<\/li><\/ul>\n\n\n\n<p>Onde todos os espa\u00e7os da entidade s\u00e3o ocupados, conforme as necessidades das atividades a serem realizadas e a disponibilidade deles. E tudo \u00e9 gratuito para a comunidade.<\/p>\n\n\n\n<p>As crian\u00e7as que participam do <strong>trabalho assistencial<\/strong> s\u00e3o a partir dos 04 anos e precisam estar regularmente matriculadas e frequentando uma escola p\u00fablica da regi\u00e3o. O nosso objetivo \u00e9 priorizar o atendimento das fam\u00edlias de baixa e menor renda, por isso existe uma triagem antes do in\u00edcio das aulas.<\/p>\n\n\n\n<figure class=\"wp-block-image size-large\"><a href=\"http:\/\/mamaeclory.rds.land\/conheca-o-lar-mamae-clory\" target=\"_blank\" rel=\"noopener noreferrer\"><img loading=\"lazy\" decoding=\"async\" width=\"1024\" height=\"106\" src=\"http:\/\/www.mamaeclory.org.br\/blog\/wp-content\/uploads\/2020\/03\/02_CTA-1024x106.png\" alt=\"\" class=\"wp-image-18818\" srcset=\"http:\/\/www.mamaeclory.org.br\/blog\/wp-content\/uploads\/2020\/03\/02_CTA-980x101.png 980w, http:\/\/www.mamaeclory.org.br\/blog\/wp-content\/uploads\/2020\/03\/02_CTA-480x50.png 480w\" sizes=\"auto, (min-width: 0px) and (max-width: 480px) 480px, (min-width: 481px) and (max-width: 980px) 980px, (min-width: 981px) 1024px, 100vw\" \/><\/a><\/figure>\n\n\n\n<h2 class=\"wp-block-heading\">Existe trabalho assistencial para os jovens?<\/h2>\n\n\n\n<p>Sim, existe sim! E denominamos como \u201cServi\u00e7o de Conviv\u00eancia e V\u00ednculos Familiares\u201d. Esse nosso projeto atende crian\u00e7as de 06 at\u00e9 14 anos e 11 meses de idade (respeitando normativas do Minist\u00e9rio de Desenvolvimento Social).<\/p>\n\n\n\n<p>E como nosso <strong>trabalho assistencial<\/strong> acontece no contraturno de aula, \u00e9 preciso que as crian\u00e7as e jovens estejam devidamente matriculados e frequentem uma escola p\u00fablica na regi\u00e3o. Como \u00e9 feita uma articula\u00e7\u00e3o junto \u00e0 escola do ensino regular, existe um interesse maior em atender os alunos que tenham uma frequ\u00eancia igual ou inferior a 75%.<\/p>\n\n\n\n<p>O objetivo desse projeto para crian\u00e7as e adolescentes \u00e9 abordar aquilo que o ensino acad\u00eamico n\u00e3o atinge. Como intelig\u00eancia emocional, pensamento cr\u00edtico e autonomia progressiva. Diminuindo a ociosidade e suas consequ\u00eancias.<\/p>\n\n\n\n<p>Como diz a professora Ana Mae Barbosa, sobre a import\u00e2ncia da arte como elemento educativo, \u201c<em>Arte trabalha as camadas mais intr\u00ednsecas do ser humano. Pode lev\u00e1-lo \u00e0 sa\u00fade mental e a um acolhimento mais completo diante da vida<\/em>\u201d.<\/p>\n\n\n\n<p>Assim, nosso <strong>trabalho assistencial<\/strong> estabelece um compromisso que passa pelas crian\u00e7as e jovens e impacta a sociedade como um todo. Venha conhecer o nosso trabalho e colaborar com o legado de amor ao pr\u00f3ximo deixado pela Mam\u00e3e Clory.<\/p>\n","protected":false},"excerpt":{"rendered":"<p>Quem resiste ao sorriso sincero de uma crian\u00e7a? Aposto que voc\u00ea j\u00e1 se sentiu at\u00e9 mais leve s\u00f3 de imaginar. E a leveza e alegria est\u00e3o aliadas \u00e0s oficinas e conceitos sociais que o trabalho assistencial com as crian\u00e7as realiza aqui no Lar da Mam\u00e3e Clory, atrav\u00e9s da arte-educa\u00e7\u00e3o. Crian\u00e7a \u00e9 pura energia criativa! Como [&hellip;]<\/p>\n","protected":false},"author":1,"featured_media":18823,"comment_status":"closed","ping_status":"open","sticky":false,"template":"","format":"standard","meta":{"_et_pb_use_builder":"","_et_pb_old_content":"","_et_gb_content_width":"","footnotes":""},"categories":[13],"tags":[43,44,45,17],"class_list":["post-18800","post","type-post","status-publish","format-standard","has-post-thumbnail","hentry","category-assistencia-social","tag-desenvolvimento-infantil","tag-oficinas-educativas","tag-trabalho-assistencial","tag-trabalho-social"],"yoast_head":"<!-- This site is optimized with the Yoast SEO plugin v27.4 - https:\/\/yoast.com\/product\/yoast-seo-wordpress\/ -->\n<title>Como \u00e9 feito o trabalho assistencial com as crian\u00e7as do Lar da Mam\u00e3e Clory? - Blog Mam\u00e3e Clory<\/title>\n<meta name=\"description\" content=\"O trabalho assistencial que o Lar da Mam\u00e3e Clory realiza com as crian\u00e7as usa o conceito de arte-educa\u00e7\u00e3o. Em poucas palavras, \u00e9 poss\u00edvel aprender brincando.\" \/>\n<meta name=\"robots\" content=\"index, follow, max-snippet:-1, max-image-preview:large, max-video-preview:-1\" \/>\n<link rel=\"canonical\" href=\"https:\/\/www.mamaeclory.org.br\/blog\/trabalho-assistencial-com-as-criancas-do-lar-da-mamae-clory\/\" \/>\n<meta property=\"og:locale\" content=\"pt_BR\" \/>\n<meta property=\"og:type\" content=\"article\" \/>\n<meta property=\"og:title\" content=\"Como \u00e9 feito o trabalho assistencial com as crian\u00e7as do Lar da Mam\u00e3e Clory? - Blog Mam\u00e3e Clory\" \/>\n<meta property=\"og:description\" content=\"O trabalho assistencial que o Lar da Mam\u00e3e Clory realiza com as crian\u00e7as usa o conceito de arte-educa\u00e7\u00e3o. Em poucas palavras, \u00e9 poss\u00edvel aprender brincando.\" \/>\n<meta property=\"og:url\" content=\"https:\/\/www.mamaeclory.org.br\/blog\/trabalho-assistencial-com-as-criancas-do-lar-da-mamae-clory\/\" \/>\n<meta property=\"og:site_name\" content=\"Blog Mam\u00e3e Clory\" \/>\n<meta property=\"article:published_time\" content=\"2019-12-03T11:46:33+00:00\" \/>\n<meta property=\"article:modified_time\" content=\"2020-05-14T18:53:38+00:00\" \/>\n<meta property=\"og:image\" content=\"https:\/\/www.mamaeclory.org.br\/blog\/wp-content\/uploads\/2019\/12\/trabalho-assistencial.jpg\" \/>\n\t<meta property=\"og:image:width\" content=\"817\" \/>\n\t<meta property=\"og:image:height\" content=\"510\" \/>\n\t<meta property=\"og:image:type\" content=\"image\/jpeg\" \/>\n<meta name=\"author\" content=\"mcadmin\" \/>\n<meta name=\"twitter:card\" content=\"summary_large_image\" \/>\n<meta name=\"twitter:label1\" content=\"Escrito por\" \/>\n\t<meta name=\"twitter:data1\" content=\"mcadmin\" \/>\n\t<meta name=\"twitter:label2\" content=\"Est. tempo de leitura\" \/>\n\t<meta name=\"twitter:data2\" content=\"4 minutos\" \/>\n<script type=\"application\/ld+json\" class=\"yoast-schema-graph\">{\"@context\":\"https:\\\/\\\/schema.org\",\"@graph\":[{\"@type\":\"Article\",\"@id\":\"https:\\\/\\\/www.mamaeclory.org.br\\\/blog\\\/trabalho-assistencial-com-as-criancas-do-lar-da-mamae-clory\\\/#article\",\"isPartOf\":{\"@id\":\"https:\\\/\\\/www.mamaeclory.org.br\\\/blog\\\/trabalho-assistencial-com-as-criancas-do-lar-da-mamae-clory\\\/\"},\"author\":{\"name\":\"mcadmin\",\"@id\":\"https:\\\/\\\/www.mamaeclory.org.br\\\/blog\\\/#\\\/schema\\\/person\\\/63d661572c6a9d2156ac3a73c8a23e28\"},\"headline\":\"Como \u00e9 feito o trabalho assistencial com as crian\u00e7as do Lar da Mam\u00e3e Clory?\",\"datePublished\":\"2019-12-03T11:46:33+00:00\",\"dateModified\":\"2020-05-14T18:53:38+00:00\",\"mainEntityOfPage\":{\"@id\":\"https:\\\/\\\/www.mamaeclory.org.br\\\/blog\\\/trabalho-assistencial-com-as-criancas-do-lar-da-mamae-clory\\\/\"},\"wordCount\":813,\"image\":{\"@id\":\"https:\\\/\\\/www.mamaeclory.org.br\\\/blog\\\/trabalho-assistencial-com-as-criancas-do-lar-da-mamae-clory\\\/#primaryimage\"},\"thumbnailUrl\":\"https:\\\/\\\/www.mamaeclory.org.br\\\/blog\\\/wp-content\\\/uploads\\\/2019\\\/12\\\/trabalho-assistencial.jpg\",\"keywords\":[\"desenvolvimento infantil\",\"oficinas educativas\",\"trabalho assistencial\",\"Trabalho social\"],\"articleSection\":[\"Assist\u00eancia Social\"],\"inLanguage\":\"pt-BR\"},{\"@type\":\"WebPage\",\"@id\":\"https:\\\/\\\/www.mamaeclory.org.br\\\/blog\\\/trabalho-assistencial-com-as-criancas-do-lar-da-mamae-clory\\\/\",\"url\":\"https:\\\/\\\/www.mamaeclory.org.br\\\/blog\\\/trabalho-assistencial-com-as-criancas-do-lar-da-mamae-clory\\\/\",\"name\":\"Como \u00e9 feito o trabalho assistencial com as crian\u00e7as do Lar da Mam\u00e3e Clory? - Blog Mam\u00e3e Clory\",\"isPartOf\":{\"@id\":\"https:\\\/\\\/www.mamaeclory.org.br\\\/blog\\\/#website\"},\"primaryImageOfPage\":{\"@id\":\"https:\\\/\\\/www.mamaeclory.org.br\\\/blog\\\/trabalho-assistencial-com-as-criancas-do-lar-da-mamae-clory\\\/#primaryimage\"},\"image\":{\"@id\":\"https:\\\/\\\/www.mamaeclory.org.br\\\/blog\\\/trabalho-assistencial-com-as-criancas-do-lar-da-mamae-clory\\\/#primaryimage\"},\"thumbnailUrl\":\"https:\\\/\\\/www.mamaeclory.org.br\\\/blog\\\/wp-content\\\/uploads\\\/2019\\\/12\\\/trabalho-assistencial.jpg\",\"datePublished\":\"2019-12-03T11:46:33+00:00\",\"dateModified\":\"2020-05-14T18:53:38+00:00\",\"author\":{\"@id\":\"https:\\\/\\\/www.mamaeclory.org.br\\\/blog\\\/#\\\/schema\\\/person\\\/63d661572c6a9d2156ac3a73c8a23e28\"},\"description\":\"O trabalho assistencial que o Lar da Mam\u00e3e Clory realiza com as crian\u00e7as usa o conceito de arte-educa\u00e7\u00e3o. Em poucas palavras, \u00e9 poss\u00edvel aprender brincando.\",\"breadcrumb\":{\"@id\":\"https:\\\/\\\/www.mamaeclory.org.br\\\/blog\\\/trabalho-assistencial-com-as-criancas-do-lar-da-mamae-clory\\\/#breadcrumb\"},\"inLanguage\":\"pt-BR\",\"potentialAction\":[{\"@type\":\"ReadAction\",\"target\":[\"https:\\\/\\\/www.mamaeclory.org.br\\\/blog\\\/trabalho-assistencial-com-as-criancas-do-lar-da-mamae-clory\\\/\"]}]},{\"@type\":\"ImageObject\",\"inLanguage\":\"pt-BR\",\"@id\":\"https:\\\/\\\/www.mamaeclory.org.br\\\/blog\\\/trabalho-assistencial-com-as-criancas-do-lar-da-mamae-clory\\\/#primaryimage\",\"url\":\"https:\\\/\\\/www.mamaeclory.org.br\\\/blog\\\/wp-content\\\/uploads\\\/2019\\\/12\\\/trabalho-assistencial.jpg\",\"contentUrl\":\"https:\\\/\\\/www.mamaeclory.org.br\\\/blog\\\/wp-content\\\/uploads\\\/2019\\\/12\\\/trabalho-assistencial.jpg\",\"width\":817,\"height\":510},{\"@type\":\"BreadcrumbList\",\"@id\":\"https:\\\/\\\/www.mamaeclory.org.br\\\/blog\\\/trabalho-assistencial-com-as-criancas-do-lar-da-mamae-clory\\\/#breadcrumb\",\"itemListElement\":[{\"@type\":\"ListItem\",\"position\":1,\"name\":\"In\u00edcio\",\"item\":\"https:\\\/\\\/www.mamaeclory.org.br\\\/blog\\\/\"},{\"@type\":\"ListItem\",\"position\":2,\"name\":\"Como \u00e9 feito o trabalho assistencial com as crian\u00e7as do Lar da Mam\u00e3e Clory?\"}]},{\"@type\":\"WebSite\",\"@id\":\"https:\\\/\\\/www.mamaeclory.org.br\\\/blog\\\/#website\",\"url\":\"https:\\\/\\\/www.mamaeclory.org.br\\\/blog\\\/\",\"name\":\"Blog Mam\u00e3e Clory\",\"description\":\"Mem\u00f3rias da Mam\u00e3e Clory\",\"potentialAction\":[{\"@type\":\"SearchAction\",\"target\":{\"@type\":\"EntryPoint\",\"urlTemplate\":\"https:\\\/\\\/www.mamaeclory.org.br\\\/blog\\\/?s={search_term_string}\"},\"query-input\":{\"@type\":\"PropertyValueSpecification\",\"valueRequired\":true,\"valueName\":\"search_term_string\"}}],\"inLanguage\":\"pt-BR\"},{\"@type\":\"Person\",\"@id\":\"https:\\\/\\\/www.mamaeclory.org.br\\\/blog\\\/#\\\/schema\\\/person\\\/63d661572c6a9d2156ac3a73c8a23e28\",\"name\":\"mcadmin\",\"image\":{\"@type\":\"ImageObject\",\"inLanguage\":\"pt-BR\",\"@id\":\"https:\\\/\\\/secure.gravatar.com\\\/avatar\\\/0a9351cc800db5472d40b2e5fc197feed07c0e4a4bdc0865d12641717dec4483?s=96&d=mm&r=g\",\"url\":\"https:\\\/\\\/secure.gravatar.com\\\/avatar\\\/0a9351cc800db5472d40b2e5fc197feed07c0e4a4bdc0865d12641717dec4483?s=96&d=mm&r=g\",\"contentUrl\":\"https:\\\/\\\/secure.gravatar.com\\\/avatar\\\/0a9351cc800db5472d40b2e5fc197feed07c0e4a4bdc0865d12641717dec4483?s=96&d=mm&r=g\",\"caption\":\"mcadmin\"},\"url\":\"https:\\\/\\\/www.mamaeclory.org.br\\\/blog\\\/author\\\/mcadmin\\\/\"}]}<\/script>\n<!-- \/ Yoast SEO plugin. -->","yoast_head_json":{"title":"Como \u00e9 feito o trabalho assistencial com as crian\u00e7as do Lar da Mam\u00e3e Clory? - Blog Mam\u00e3e Clory","description":"O trabalho assistencial que o Lar da Mam\u00e3e Clory realiza com as crian\u00e7as usa o conceito de arte-educa\u00e7\u00e3o. Em poucas palavras, \u00e9 poss\u00edvel aprender brincando.","robots":{"index":"index","follow":"follow","max-snippet":"max-snippet:-1","max-image-preview":"max-image-preview:large","max-video-preview":"max-video-preview:-1"},"canonical":"https:\/\/www.mamaeclory.org.br\/blog\/trabalho-assistencial-com-as-criancas-do-lar-da-mamae-clory\/","og_locale":"pt_BR","og_type":"article","og_title":"Como \u00e9 feito o trabalho assistencial com as crian\u00e7as do Lar da Mam\u00e3e Clory? - Blog Mam\u00e3e Clory","og_description":"O trabalho assistencial que o Lar da Mam\u00e3e Clory realiza com as crian\u00e7as usa o conceito de arte-educa\u00e7\u00e3o. Em poucas palavras, \u00e9 poss\u00edvel aprender brincando.","og_url":"https:\/\/www.mamaeclory.org.br\/blog\/trabalho-assistencial-com-as-criancas-do-lar-da-mamae-clory\/","og_site_name":"Blog Mam\u00e3e Clory","article_published_time":"2019-12-03T11:46:33+00:00","article_modified_time":"2020-05-14T18:53:38+00:00","og_image":[{"width":817,"height":510,"url":"https:\/\/www.mamaeclory.org.br\/blog\/wp-content\/uploads\/2019\/12\/trabalho-assistencial.jpg","type":"image\/jpeg"}],"author":"mcadmin","twitter_card":"summary_large_image","twitter_misc":{"Escrito por":"mcadmin","Est. tempo de leitura":"4 minutos"},"schema":{"@context":"https:\/\/schema.org","@graph":[{"@type":"Article","@id":"https:\/\/www.mamaeclory.org.br\/blog\/trabalho-assistencial-com-as-criancas-do-lar-da-mamae-clory\/#article","isPartOf":{"@id":"https:\/\/www.mamaeclory.org.br\/blog\/trabalho-assistencial-com-as-criancas-do-lar-da-mamae-clory\/"},"author":{"name":"mcadmin","@id":"https:\/\/www.mamaeclory.org.br\/blog\/#\/schema\/person\/63d661572c6a9d2156ac3a73c8a23e28"},"headline":"Como \u00e9 feito o trabalho assistencial com as crian\u00e7as do Lar da Mam\u00e3e Clory?","datePublished":"2019-12-03T11:46:33+00:00","dateModified":"2020-05-14T18:53:38+00:00","mainEntityOfPage":{"@id":"https:\/\/www.mamaeclory.org.br\/blog\/trabalho-assistencial-com-as-criancas-do-lar-da-mamae-clory\/"},"wordCount":813,"image":{"@id":"https:\/\/www.mamaeclory.org.br\/blog\/trabalho-assistencial-com-as-criancas-do-lar-da-mamae-clory\/#primaryimage"},"thumbnailUrl":"https:\/\/www.mamaeclory.org.br\/blog\/wp-content\/uploads\/2019\/12\/trabalho-assistencial.jpg","keywords":["desenvolvimento infantil","oficinas educativas","trabalho assistencial","Trabalho social"],"articleSection":["Assist\u00eancia Social"],"inLanguage":"pt-BR"},{"@type":"WebPage","@id":"https:\/\/www.mamaeclory.org.br\/blog\/trabalho-assistencial-com-as-criancas-do-lar-da-mamae-clory\/","url":"https:\/\/www.mamaeclory.org.br\/blog\/trabalho-assistencial-com-as-criancas-do-lar-da-mamae-clory\/","name":"Como \u00e9 feito o trabalho assistencial com as crian\u00e7as do Lar da Mam\u00e3e Clory? - Blog Mam\u00e3e Clory","isPartOf":{"@id":"https:\/\/www.mamaeclory.org.br\/blog\/#website"},"primaryImageOfPage":{"@id":"https:\/\/www.mamaeclory.org.br\/blog\/trabalho-assistencial-com-as-criancas-do-lar-da-mamae-clory\/#primaryimage"},"image":{"@id":"https:\/\/www.mamaeclory.org.br\/blog\/trabalho-assistencial-com-as-criancas-do-lar-da-mamae-clory\/#primaryimage"},"thumbnailUrl":"https:\/\/www.mamaeclory.org.br\/blog\/wp-content\/uploads\/2019\/12\/trabalho-assistencial.jpg","datePublished":"2019-12-03T11:46:33+00:00","dateModified":"2020-05-14T18:53:38+00:00","author":{"@id":"https:\/\/www.mamaeclory.org.br\/blog\/#\/schema\/person\/63d661572c6a9d2156ac3a73c8a23e28"},"description":"O trabalho assistencial que o Lar da Mam\u00e3e Clory realiza com as crian\u00e7as usa o conceito de arte-educa\u00e7\u00e3o. Em poucas palavras, \u00e9 poss\u00edvel aprender brincando.","breadcrumb":{"@id":"https:\/\/www.mamaeclory.org.br\/blog\/trabalho-assistencial-com-as-criancas-do-lar-da-mamae-clory\/#breadcrumb"},"inLanguage":"pt-BR","potentialAction":[{"@type":"ReadAction","target":["https:\/\/www.mamaeclory.org.br\/blog\/trabalho-assistencial-com-as-criancas-do-lar-da-mamae-clory\/"]}]},{"@type":"ImageObject","inLanguage":"pt-BR","@id":"https:\/\/www.mamaeclory.org.br\/blog\/trabalho-assistencial-com-as-criancas-do-lar-da-mamae-clory\/#primaryimage","url":"https:\/\/www.mamaeclory.org.br\/blog\/wp-content\/uploads\/2019\/12\/trabalho-assistencial.jpg","contentUrl":"https:\/\/www.mamaeclory.org.br\/blog\/wp-content\/uploads\/2019\/12\/trabalho-assistencial.jpg","width":817,"height":510},{"@type":"BreadcrumbList","@id":"https:\/\/www.mamaeclory.org.br\/blog\/trabalho-assistencial-com-as-criancas-do-lar-da-mamae-clory\/#breadcrumb","itemListElement":[{"@type":"ListItem","position":1,"name":"In\u00edcio","item":"https:\/\/www.mamaeclory.org.br\/blog\/"},{"@type":"ListItem","position":2,"name":"Como \u00e9 feito o trabalho assistencial com as crian\u00e7as do Lar da Mam\u00e3e Clory?"}]},{"@type":"WebSite","@id":"https:\/\/www.mamaeclory.org.br\/blog\/#website","url":"https:\/\/www.mamaeclory.org.br\/blog\/","name":"Blog Mam\u00e3e Clory","description":"Mem\u00f3rias da Mam\u00e3e Clory","potentialAction":[{"@type":"SearchAction","target":{"@type":"EntryPoint","urlTemplate":"https:\/\/www.mamaeclory.org.br\/blog\/?s={search_term_string}"},"query-input":{"@type":"PropertyValueSpecification","valueRequired":true,"valueName":"search_term_string"}}],"inLanguage":"pt-BR"},{"@type":"Person","@id":"https:\/\/www.mamaeclory.org.br\/blog\/#\/schema\/person\/63d661572c6a9d2156ac3a73c8a23e28","name":"mcadmin","image":{"@type":"ImageObject","inLanguage":"pt-BR","@id":"https:\/\/secure.gravatar.com\/avatar\/0a9351cc800db5472d40b2e5fc197feed07c0e4a4bdc0865d12641717dec4483?s=96&d=mm&r=g","url":"https:\/\/secure.gravatar.com\/avatar\/0a9351cc800db5472d40b2e5fc197feed07c0e4a4bdc0865d12641717dec4483?s=96&d=mm&r=g","contentUrl":"https:\/\/secure.gravatar.com\/avatar\/0a9351cc800db5472d40b2e5fc197feed07c0e4a4bdc0865d12641717dec4483?s=96&d=mm&r=g","caption":"mcadmin"},"url":"https:\/\/www.mamaeclory.org.br\/blog\/author\/mcadmin\/"}]}},"_links":{"self":[{"href":"https:\/\/www.mamaeclory.org.br\/blog\/wp-json\/wp\/v2\/posts\/18800","targetHints":{"allow":["GET"]}}],"collection":[{"href":"https:\/\/www.mamaeclory.org.br\/blog\/wp-json\/wp\/v2\/posts"}],"about":[{"href":"https:\/\/www.mamaeclory.org.br\/blog\/wp-json\/wp\/v2\/types\/post"}],"author":[{"embeddable":true,"href":"https:\/\/www.mamaeclory.org.br\/blog\/wp-json\/wp\/v2\/users\/1"}],"replies":[{"embeddable":true,"href":"https:\/\/www.mamaeclory.org.br\/blog\/wp-json\/wp\/v2\/comments?post=18800"}],"version-history":[{"count":3,"href":"https:\/\/www.mamaeclory.org.br\/blog\/wp-json\/wp\/v2\/posts\/18800\/revisions"}],"predecessor-version":[{"id":18822,"href":"https:\/\/www.mamaeclory.org.br\/blog\/wp-json\/wp\/v2\/posts\/18800\/revisions\/18822"}],"wp:featuredmedia":[{"embeddable":true,"href":"https:\/\/www.mamaeclory.org.br\/blog\/wp-json\/wp\/v2\/media\/18823"}],"wp:attachment":[{"href":"https:\/\/www.mamaeclory.org.br\/blog\/wp-json\/wp\/v2\/media?parent=18800"}],"wp:term":[{"taxonomy":"category","embeddable":true,"href":"https:\/\/www.mamaeclory.org.br\/blog\/wp-json\/wp\/v2\/categories?post=18800"},{"taxonomy":"post_tag","embeddable":true,"href":"https:\/\/www.mamaeclory.org.br\/blog\/wp-json\/wp\/v2\/tags?post=18800"}],"curies":[{"name":"wp","href":"https:\/\/api.w.org\/{rel}","templated":true}]}}